{"id":4016,"date":"2024-02-06T09:24:04","date_gmt":"2024-02-06T08:24:04","guid":{"rendered":"https:\/\/www.neuebauhaeusler.com\/?p=4016"},"modified":"2024-02-08T09:08:13","modified_gmt":"2024-02-08T08:08:13","slug":"antragstart-foerdermittel-fuer-neuebauhaeusler","status":"publish","type":"post","link":"https:\/\/www.neuebauhaeusler.com\/en\/antragstart-foerdermittel-fuer-neuebauhaeusler\/","title":{"rendered":"Antragstart: F\u00f6rdermittel f\u00fcr #NeueBauh\u00e4usler"},"content":{"rendered":"<p>&#8220;Gemeinsam f\u00fcr ein Neues Europ\u00e4isches Bauhaus&#8221; daf\u00fcr steht die Landesinitiative, die #NeueBauh\u00e4usler unterst\u00fctzt, ihre Ideen und Projekte zu realisieren. Ab sofort und bis zum <strong>02.04.2024<\/strong> k\u00f6nnen Antr\u00e4ge eingereicht werden f\u00fcr die F\u00f6rderung von bis zu 100% investiver und nicht-investiver Vorhaben, sowie f\u00fcr gemeinwohlorientierte Vorhaben, f\u00fcr &#8220;Angewandte Projekte&#8221; und &#8220;Reallabore&#8221; in folgenden Gebietsk\u00f6rperschaften:<\/p>\n\n\n\n<p>a) Burgenlandkreis,<br>b) kreisfreie Stadt Halle (Saale),<br>c) Landkreis Mansfeld-S\u00fcdharz,<br>d) Landkreis Anhalt-Bitterfeld,<br>e) Saalekreis.<\/p>\n\n\n\n<p><strong>Insgesamt stehen 38 Mio. \u20ac f\u00fcr NEB Projekte f\u00fcr die kommenden drei Jahre zur Verf\u00fcgung.<\/strong><\/p>\n\n\n\n<div style=\"height:20px\" aria-hidden=\"true\" class=\"wp-block-spacer\"><\/div>\n\n\n\n<p class=\"has-background\" style=\"background-color:#f8f8f8\"><strong>Am 05.02.2024 wurde hierf\u00fcr die <\/strong><a href=\"https:\/\/www.neuebauhaeusler.com\/wp-content\/uploads\/2024\/02\/Richtlinie.pdf\" target=\"_blank\" rel=\"noreferrer noopener\"><strong>&#8220;Richtlinie \u00fcber die Gew\u00e4hrung von Zuwendungen zur F\u00f6rderung von Vorhaben zur Verwirklichung der Initiative \u201eNeues Europ\u00e4isches Bauhaus\u201c der Europ\u00e4ischen Kommission (NEB-Richtlinie)<\/strong>&#8220;<\/a><strong> ver\u00f6ffentlicht.<\/strong><\/p>\n\n\n\n<div style=\"height:20px\" aria-hidden=\"true\" class=\"wp-block-spacer\"><\/div>\n\n\n\n<p><strong><em>Wer kann eine F\u00f6rderung beantragen?<\/em><\/strong><br>Antr\u00e4ge k\u00f6nnen von mindestens zwei Verbundpartnern bestehend aus au\u00dferuniversit\u00e4ren Forschungseinrichtungen, Landkreisen, kreisfreien St\u00e4dte, Gemeinden, Verbandsgemeinden, sonstigen Gemeindeverb\u00e4nden, Kreisentwicklungsgesellschaften, kommunalen Entwicklungsgesellschaften, Vereinen, Verb\u00e4nden, Stiftungen und Hochschulen des Landes Sachsen-Anhalt gestellt werden.<\/p>\n\n\n\n<div style=\"height:30px\" aria-hidden=\"true\" class=\"wp-block-spacer\"><\/div>\n\n\n\n<p><strong><em>Wer ber\u00e4t bei der Antragstellung?<\/em><\/strong><br>Ein starkes Team unterst\u00fctzt alle Antragsteller! Das <a href=\"https:\/\/www.neuebauhaeusler.com\/en\/\"><strong>NEB_NETWORKOFFICE<\/strong><\/a> ber\u00e4t zur Qualifizierung der Projekte im Sinne des Neuen Europ\u00e4ischen Bauhauses. Die <a href=\"https:\/\/www.ib-sachsen-anhalt.de\/\" target=\"_blank\" rel=\"noreferrer noopener\"><strong>Investitionsbank Sachsen-Anhalt<\/strong> <\/a>&nbsp;fungiert als Bewilligungsstelle<strong> und unterst\u00fctzt, die F\u00f6rderf\u00e4higkeit von Vorhaben zu beurteilen.<\/strong><\/p>\n\n\n\n<div style=\"height:30px\" aria-hidden=\"true\" class=\"wp-block-spacer\"><\/div>\n\n\n\n<p><strong><em>Wo gibt es die Antragsunterlagen?<\/em><\/strong><br>Auf der Internetseite der IB k\u00f6nnen die <a href=\"https:\/\/www.ib-sachsen-anhalt.de\/oeffentliche-einrichtungen\/wissenschaft-und-forschung\/neues-europaeisches-bauhaus\" target=\"_blank\" rel=\"noreferrer noopener\">Antragsunterlagen<\/a> heruntergeladen werden.<\/p>\n\n\n\n<div style=\"height:30px\" aria-hidden=\"true\" class=\"wp-block-spacer\"><\/div>\n\n\n\n<p><strong>Zeitschiene<\/strong><br>Die Projekte m\u00fcssen in der Regel nach 36 Monaten, sp\u00e4testens jedoch bis 30. Juni 2027 abgeschlossen werden.<\/p>\n\n\n\n<div style=\"height:30px\" aria-hidden=\"true\" class=\"wp-block-spacer\"><\/div>\n\n\n\n<p><strong>Mehr Info unter:<\/strong> <br><a href=\"https:\/\/www.neuebauhaeusler.com\/en\/neb_info\/\"><strong>https:\/\/www.neuebauhaeusler.com\/neb_info\/<\/strong><\/a><\/p>","protected":false},"excerpt":{"rendered":"<p>&#8220;Gemeinsam f\u00fcr ein Neues Europ\u00e4isches Bauhaus&#8221; daf\u00fcr steht die Landesinitiative, die #NeueBauh\u00e4usler unterst\u00fctzt, ihre Ideen und Projekte zu realisieren.<\/p>","protected":false},"author":1,"featured_media":4137,"comment_status":"closed","ping_status":"closed","sticky":false,"template":"","format":"standard","meta":{"_acf_changed":false,"wp_mapbox_gl_js_media":[],"footnotes":""},"categories":[1],"tags":[],"class_list":["post-4016","post","type-post","status-publish","format-standard","has-post-thumbnail","hentry","category-beitrag"],"acf":[],"_links":{"self":[{"href":"https:\/\/www.neuebauhaeusler.com\/en\/wp-json\/wp\/v2\/posts\/4016","targetHints":{"allow":["GET"]}}],"collection":[{"href":"https:\/\/www.neuebauhaeusler.com\/en\/wp-json\/wp\/v2\/posts"}],"about":[{"href":"https:\/\/www.neuebauhaeusler.com\/en\/wp-json\/wp\/v2\/types\/post"}],"author":[{"embeddable":true,"href":"https:\/\/www.neuebauhaeusler.com\/en\/wp-json\/wp\/v2\/users\/1"}],"replies":[{"embeddable":true,"href":"https:\/\/www.neuebauhaeusler.com\/en\/wp-json\/wp\/v2\/comments?post=4016"}],"version-history":[{"count":5,"href":"https:\/\/www.neuebauhaeusler.com\/en\/wp-json\/wp\/v2\/posts\/4016\/revisions"}],"predecessor-version":[{"id":4138,"href":"https:\/\/www.neuebauhaeusler.com\/en\/wp-json\/wp\/v2\/posts\/4016\/revisions\/4138"}],"wp:featuredmedia":[{"embeddable":true,"href":"https:\/\/www.neuebauhaeusler.com\/en\/wp-json\/wp\/v2\/media\/4137"}],"wp:attachment":[{"href":"https:\/\/www.neuebauhaeusler.com\/en\/wp-json\/wp\/v2\/media?parent=4016"}],"wp:term":[{"taxonomy":"category","embeddable":true,"href":"https:\/\/www.neuebauhaeusler.com\/en\/wp-json\/wp\/v2\/categories?post=4016"},{"taxonomy":"post_tag","embeddable":true,"href":"https:\/\/www.neuebauhaeusler.com\/en\/wp-json\/wp\/v2\/tags?post=4016"}],"curies":[{"name":"wp","href":"https:\/\/api.w.org\/{rel}","templated":true}]}}